{"id":18173,"date":"2026-03-04T20:47:05","date_gmt":"2026-03-04T19:47:05","guid":{"rendered":"https:\/\/www.brg-feldkirchen.at\/?p=18173"},"modified":"2026-03-04T20:47:05","modified_gmt":"2026-03-04T19:47:05","slug":"sportliche-leistungen-bei-den-landesmeisterschaften-ski-alpin","status":"publish","type":"post","link":"https:\/\/www.brg-feldkirchen.at\/?p=18173","title":{"rendered":"Sportliche Leistungen bei den Landesmeisterschaften Ski Alpin"},"content":{"rendered":"\n<p class=\"has-medium-font-size\">Bei strahlend blauem Himmel fanden am 4. M\u00e4rz die Ski-Alpin-Landesmeisterschaften auf der Gerlitze statt. Dank hervorragender Schneebedingungen und bestens pr\u00e4parierter Pisten erlebten die Teilnehmerinnen und Teilnehmer einen optimal organisierten Wettkampftag.<\/p>\n\n\n\n<p class=\"has-medium-font-size\">Unsere Sch\u00fclerinnen und Sch\u00fcler hatten sich im Vorfeld intensiv und mit gro\u00dfem Engagement auf diesen Bewerb vorbereitet. Umso erfreulicher sind die erzielten Ergebnisse:<\/p>\n\n\n\n<p class=\"has-medium-font-size\"><strong>BRG<\/strong><\/p>\n\n\n\n<ul class=\"wp-block-list\">\n<li class=\"has-medium-font-size\">Lisa Holzer sicherte sich in der Mannschaftswertung und in der Einzelwertung den 2. Platz.<\/li>\n\n\n\n<li class=\"has-medium-font-size\">Antonia Kofler belegte in ihrer Altersklasse den 17. Platz.<\/li>\n\n\n\n<li class=\"has-medium-font-size\">Carolin Berger fuhr auf den 3. Platz, und Christin Berger kam auf Rang 8.<\/li>\n<\/ul>\n\n\n\n<p class=\"has-medium-font-size\"><strong>HAK<\/strong><\/p>\n\n\n\n<ul class=\"wp-block-list\">\n<li class=\"has-medium-font-size\">Hanna Kofler landete auf dem 5. Platz,<\/li>\n\n\n\n<li class=\"has-medium-font-size\">Samuel Klimbacher belegte den 12. Platz,<\/li>\n\n\n\n<li class=\"has-medium-font-size\">Lenart Grillitsch errang den 3. Platz.<\/li>\n<\/ul>\n\n\n\n<p class=\"has-medium-font-size\">Als betreuende Lehrperson bin ich besonders stolz auf den Einsatz und den Teamgeist unserer Sch\u00fclerinnen und Sch\u00fcler. Wir gratulieren allen herzlich zu ihren gro\u00dfartigen Leistungen!<\/p>\n\n\n\n<p class=\"has-medium-font-size\"><strong>Julia Seger-Omann MSc.<\/strong><\/p>\n\n\n\n<figure class=\"wp-block-gallery has-nested-images columns-1 is-cropped wp-block-gallery-1 is-layout-flex wp-block-gallery-is-layout-flex\">\n<figure class=\"wp-block-image size-full\"><img decoding=\"async\" data-id=\"18176\" src=\"data:image\/gif;base64,R0lGODlhAQABAAAAACH5BAEKAAEALAAAAAABAAEAAAICTAEAOw==\" data-layzr=\"https:\/\/www.brg-feldkirchen.at\/wp-content\/uploads\/2026\/03\/IMG_2653-scaled.jpeg\" alt=\"\" class=\"wp-image-18176\"\/><\/figure>\n\n\n\n<figure class=\"wp-block-image size-full\"><img decoding=\"async\" data-id=\"18175\" src=\"data:image\/gif;base64,R0lGODlhAQABAAAAACH5BAEKAAEALAAAAAABAAEAAAICTAEAOw==\" data-layzr=\"https:\/\/www.brg-feldkirchen.at\/wp-content\/uploads\/2026\/03\/IMG_2664-scaled.jpeg\" alt=\"\" class=\"wp-image-18175\"\/><\/figure>\n\n\n\n<figure class=\"wp-block-image size-full\"><img decoding=\"async\" data-id=\"18178\" src=\"data:image\/gif;base64,R0lGODlhAQABAAAAACH5BAEKAAEALAAAAAABAAEAAAICTAEAOw==\" data-layzr=\"https:\/\/www.brg-feldkirchen.at\/wp-content\/uploads\/2026\/03\/IMG_2663-scaled.jpeg\" alt=\"\" class=\"wp-image-18178\"\/><\/figure>\n\n\n\n<figure class=\"wp-block-image size-full\"><img decoding=\"async\" data-id=\"18174\" src=\"data:image\/gif;base64,R0lGODlhAQABAAAAACH5BAEKAAEALAAAAAABAAEAAAICTAEAOw==\" data-layzr=\"https:\/\/www.brg-feldkirchen.at\/wp-content\/uploads\/2026\/03\/IMG_2655-scaled.jpeg\" alt=\"\" class=\"wp-image-18174\"\/><\/figure>\n\n\n\n<figure class=\"wp-block-image size-full\"><img decoding=\"async\" data-id=\"18177\" src=\"data:image\/gif;base64,R0lGODlhAQABAAAAACH5BAEKAAEALAAAAAABAAEAAAICTAEAOw==\" data-layzr=\"https:\/\/www.brg-feldkirchen.at\/wp-content\/uploads\/2026\/03\/IMG_2641-scaled.jpeg\" alt=\"\" class=\"wp-image-18177\"\/><\/figure>\n<\/figure>\n","protected":false},"excerpt":{"rendered":"<p>Bei strahlend blauem Himmel fanden am 4. M\u00e4rz die Ski-Alpin-Landesmeisterschaften auf der Gerlitze statt. Dank hervorragender Schneebedingungen und bestens pr\u00e4parierter &hellip; <\/p>\n","protected":false},"author":3,"featured_media":18176,"comment_status":"closed","ping_status":"closed","sticky":false,"template":"","format":"standard","meta":{"footnotes":""},"categories":[1],"tags":[],"class_list":["post-18173","post","type-post","status-publish","format-standard","has-post-thumbnail","hentry","category-allgemein","latest_post"],"_links":{"self":[{"href":"https:\/\/www.brg-feldkirchen.at\/index.php?rest_route=\/wp\/v2\/posts\/18173","targetHints":{"allow":["GET"]}}],"collection":[{"href":"https:\/\/www.brg-feldkirchen.at\/index.php?rest_route=\/wp\/v2\/posts"}],"about":[{"href":"https:\/\/www.brg-feldkirchen.at\/index.php?rest_route=\/wp\/v2\/types\/post"}],"author":[{"embeddable":true,"href":"https:\/\/www.brg-feldkirchen.at\/index.php?rest_route=\/wp\/v2\/users\/3"}],"replies":[{"embeddable":true,"href":"https:\/\/www.brg-feldkirchen.at\/index.php?rest_route=%2Fwp%2Fv2%2Fcomments&post=18173"}],"version-history":[{"count":1,"href":"https:\/\/www.brg-feldkirchen.at\/index.php?rest_route=\/wp\/v2\/posts\/18173\/revisions"}],"predecessor-version":[{"id":18179,"href":"https:\/\/www.brg-feldkirchen.at\/index.php?rest_route=\/wp\/v2\/posts\/18173\/revisions\/18179"}],"wp:featuredmedia":[{"embeddable":true,"href":"https:\/\/www.brg-feldkirchen.at\/index.php?rest_route=\/wp\/v2\/media\/18176"}],"wp:attachment":[{"href":"https:\/\/www.brg-feldkirchen.at\/index.php?rest_route=%2Fwp%2Fv2%2Fmedia&parent=18173"}],"wp:term":[{"taxonomy":"category","embeddable":true,"href":"https:\/\/www.brg-feldkirchen.at\/index.php?rest_route=%2Fwp%2Fv2%2Fcategories&post=18173"},{"taxonomy":"post_tag","embeddable":true,"href":"https:\/\/www.brg-feldkirchen.at\/index.php?rest_route=%2Fwp%2Fv2%2Ftags&post=18173"}],"curies":[{"name":"wp","href":"https:\/\/api.w.org\/{rel}","templated":true}]}}